{"id":24846,"date":"2026-09-01T21:08:23","date_gmt":"2026-09-02T03:08:23","guid":{"rendered":"https:\/\/revistaalcaldesas.mx\/?p=24846"},"modified":"2026-09-01T21:08:23","modified_gmt":"2026-09-02T03:08:23","slug":"irapuato-guanajuato-arranque-del-ciclo-escolar-2026-2027-refuerza-compromiso-municipal-con-la-educacion-lorenaalfarog-irapuatogob","status":"publish","type":"post","link":"https:\/\/revistaalcaldesas.mx\/?p=24846","title":{"rendered":"Irapuato, Guanajuato; Arranque del ciclo escolar 2026-2027 refuerza compromiso municipal con la educaci\u00f3n \/ @LorenaAlfaroG @irapuatogob >>>"},"content":{"rendered":"\n<p class=\"wp-block-paragraph\"><strong>(#InicioDeClases #Educaci\u00f3nParaTodos) *** #Irapuato, #Guanajuato.- <\/strong> Con la presencia de autoridades municipales, se celebr\u00f3 el <strong>arranque del ciclo escolar 2026-2027<\/strong> en la #<strong>EscuelaPrimariaOctavioPaz<\/strong>, acto que marc\u00f3 el inicio formal de actividades acad\u00e9micas y la reafirmaci\u00f3n del compromiso con la formaci\u00f3n integral de la infancia. En el acto se realizaron #<strong>Honores a la bandera<\/strong> como gesto de fortalecimiento de los valores c\u00edvicos y del respeto a los s\u00edmbolos patrios, en un ambiente de solemnidad y esperanza. La ceremonia sirvi\u00f3 para visibilizar la prioridad que la administraci\u00f3n local otorga a la <strong>educaci\u00f3n<\/strong> como motor del desarrollo comunitario. La alcaldesa #<strong>LorenaAlfaroGarc\u00eda<\/strong> envi\u00f3 un mensaje institucional de respaldo a la comunidad escolar y a las familias.<\/p>\n\n\n\n<p class=\"wp-block-paragraph\">En representaci\u00f3n de la presidenta municipal, asisti\u00f3 el secretario del Ayuntamiento, <strong>Rodolfo G\u00f3mez Cervantes<\/strong>, quien destac\u00f3 la educaci\u00f3n como una de las principales apuestas para construir un presente y un futuro pr\u00f3speros. Durante su intervenci\u00f3n, se anunciaron acciones orientadas a mejorar la infraestructura escolar, fortalecer la capacitaci\u00f3n docente y ampliar programas de apoyo a la permanencia estudiantil. Autoridades educativas y representantes del Gobierno del Estado acompa\u00f1aron la jornada, lo que permiti\u00f3 coordinar esfuerzos y calendarizar seguimientos t\u00e9cnicos. La comunidad escolar particip\u00f3 activamente en la organizaci\u00f3n del evento, mostrando inter\u00e9s por las iniciativas de mejora.<\/p>\n\n\n<div class=\"wp-block-image\">\n<figure class=\"aligncenter size-medium\"><img loading=\"lazy\" decoding=\"async\" width=\"300\" height=\"200\" src=\"https:\/\/revistaalcaldesas.mx\/wp-content\/uploads\/2026\/09\/image-1-300x200.png\" alt=\"\" class=\"wp-image-24847\" srcset=\"https:\/\/revistaalcaldesas.mx\/wp-content\/uploads\/2026\/09\/image-1-300x200.png 300w, https:\/\/revistaalcaldesas.mx\/wp-content\/uploads\/2026\/09\/image-1-768x512.png 768w, https:\/\/revistaalcaldesas.mx\/wp-content\/uploads\/2026\/09\/image-1-1024x683.png 1024w, https:\/\/revistaalcaldesas.mx\/wp-content\/uploads\/2026\/09\/image-1-465x310.png 465w, https:\/\/revistaalcaldesas.mx\/wp-content\/uploads\/2026\/09\/image-1-695x463.png 695w, https:\/\/revistaalcaldesas.mx\/wp-content\/uploads\/2026\/09\/image-1-600x400.png 600w, https:\/\/revistaalcaldesas.mx\/wp-content\/uploads\/2026\/09\/image-1.png 1200w\" sizes=\"auto, (max-width: 300px) 100vw, 300px\" \/><\/figure>\n<\/div>\n\n\n<p class=\"wp-block-paragraph\">Informes recientes de medios oficiales se\u00f1alan un incremento en la matr\u00edcula y la entrega de materiales did\u00e1cticos en diversas escuelas de la regi\u00f3n, datos que refuerzan la necesidad de mantener programas de acompa\u00f1amiento y evaluaci\u00f3n continua; en ese marco, <strong>Rodolfo G\u00f3mez Cervantes<\/strong> subray\u00f3 la importancia de la supervisi\u00f3n permanente en la <strong>Escuela Primaria Octavio Paz<\/strong>. Las mismas comunicaciones indican que se prev\u00e9n recursos adicionales para mantenimiento y actividades extracurriculares, medidas que buscan consolidar la calidad educativa. Esa continuidad administrativa, seg\u00fan los reportes, responde a demandas locales y a la voluntad de articular pol\u00edticas p\u00fablicas con la comunidad. En su mensaje, <strong>G\u00f3mez Cervantes<\/strong> record\u00f3 que <strong>\u00abcada ni\u00f1a y ni\u00f1o tiene la posibilidad de construir su propia historia\u00bb<\/strong>, invitaci\u00f3n a so\u00f1ar y a trabajar por metas concretas.<\/p>\n\n\n\n<p class=\"wp-block-paragraph\">La jornada concluy\u00f3 con el compromiso de reforzar la colaboraci\u00f3n entre autoridades, docentes y familias para garantizar el \u00e9xito escolar. Se anunci\u00f3 la programaci\u00f3n de visitas de seguimiento y la implementaci\u00f3n de talleres de apoyo para estudiantes y padres de familia. El prop\u00f3sito declarado es consolidar un entorno educativo seguro y estimulante que permita a las nuevas generaciones desarrollar todo su potencial.<\/p>\n\n\n\n<p class=\"wp-block-paragraph\"><strong>#RevistaAlcaldesasMX \u2013<\/strong>\u00a0<a href=\"https:\/\/www.facebook.com\/ReAlcaldesasMX\/?__cft__%5b0%5d=AZWCUCopFg6uwR0bar1lA5XOJDPQGbidw7wMESZ9jhjdgQV18UtYzQs5AhW_9gKv6fQhGkof0nlpv0MZSyvZzAtfVQ-kGlKeGnKn1eftLPF_WZz9fv1hNrBXsDhp_akqGslhCB-zuNpCEIlXRqVKVrqMHVfqLWGFKazjuYuOAozwrbcMy0TfH-lcgDWV1GCIoPkxNjje6YZc-2SSWfdVSK2r&amp;__tn__=-UC%2CP-R\"><strong>Revista Alcaldesas MX<\/strong><\/a><\/p>\n\n\n<div class=\"wp-block-image\">\n<figure class=\"aligncenter size-large\"><img loading=\"lazy\" decoding=\"async\" width=\"1024\" height=\"512\" src=\"https:\/\/revistaalcaldesas.mx\/wp-content\/uploads\/2026\/09\/ira-1-1024x512.jpg\" alt=\"\" class=\"wp-image-24848\"\/><\/figure>\n<\/div>","protected":false},"excerpt":{"rendered":"<p>(#InicioDeClases #Educaci\u00f3nParaTodos) *** #Irapuato, #Guanajuato.- Con la presencia de autoridades municipales, se celebr\u00f3 el arranque del ciclo escolar 2026-2027 en la #EscuelaPrimariaOctavioPaz, acto que marc\u00f3 el inicio formal de actividades acad\u00e9micas y la reafirmaci\u00f3n del compromiso con la formaci\u00f3n integral de la infancia. En el acto se realizaron #Honores a<span class=\"more-link\"><a href=\"https:\/\/revistaalcaldesas.mx\/?p=24846\">Continuar leyendo<\/a><\/span><\/p>\n","protected":false},"author":6,"featured_media":24848,"comment_status":"open","ping_status":"open","sticky":false,"template":"","format":"standard","meta":{"rop_custom_images_group":[],"rop_custom_messages_group":[],"rop_publish_now":"no","rop_publish_now_accounts":{"facebook_540786660636400_100634987996574":""},"rop_publish_now_history":[{"account":"facebook_540786660636400_100634987996574","service":"facebook","timestamp":1788318522,"status":"success"}],"rop_publish_now_status":"done","footnotes":""},"categories":[933],"tags":[724,725,147,44,866,1070,868,855,1198,190,105,95,200,306,73,726,723],"class_list":["entry","author-difusion","post-24846","post","type-post","status-publish","format-standard","has-post-thumbnail","category-municipios-destacados-1","tag-en-vivo","tag-enterate","tag-gobierno-de-mexico","tag-guanajuato","tag-irapuato","tag-issste","tag-lorena-alfaro-garcia","tag-revista-alcaldesas-mx-2","tag-secretara-de-salud","tag-secretaria-de-bienestar","tag-secretaria-de-cultura","tag-secretaria-de-economia","tag-secretaria-de-economia-del-estado-de-mexico","tag-secretaria-de-la-funcion-publica","tag-tecamac","tag-ultima-hora","tag-ultimas-noticias"],"_links":{"self":[{"href":"https:\/\/revistaalcaldesas.mx\/index.php?rest_route=\/wp\/v2\/posts\/24846","targetHints":{"allow":["GET"]}}],"collection":[{"href":"https:\/\/revistaalcaldesas.mx\/index.php?rest_route=\/wp\/v2\/posts"}],"about":[{"href":"https:\/\/revistaalcaldesas.mx\/index.php?rest_route=\/wp\/v2\/types\/post"}],"author":[{"embeddable":true,"href":"https:\/\/revistaalcaldesas.mx\/index.php?rest_route=\/wp\/v2\/users\/6"}],"replies":[{"embeddable":true,"href":"https:\/\/revistaalcaldesas.mx\/index.php?rest_route=%2Fwp%2Fv2%2Fcomments&post=24846"}],"version-history":[{"count":1,"href":"https:\/\/revistaalcaldesas.mx\/index.php?rest_route=\/wp\/v2\/posts\/24846\/revisions"}],"predecessor-version":[{"id":24849,"href":"https:\/\/revistaalcaldesas.mx\/index.php?rest_route=\/wp\/v2\/posts\/24846\/revisions\/24849"}],"wp:featuredmedia":[{"embeddable":true,"href":"https:\/\/revistaalcaldesas.mx\/index.php?rest_route=\/wp\/v2\/media\/24848"}],"wp:attachment":[{"href":"https:\/\/revistaalcaldesas.mx\/index.php?rest_route=%2Fwp%2Fv2%2Fmedia&parent=24846"}],"wp:term":[{"taxonomy":"category","embeddable":true,"href":"https:\/\/revistaalcaldesas.mx\/index.php?rest_route=%2Fwp%2Fv2%2Fcategories&post=24846"},{"taxonomy":"post_tag","embeddable":true,"href":"https:\/\/revistaalcaldesas.mx\/index.php?rest_route=%2Fwp%2Fv2%2Ftags&post=24846"}],"curies":[{"name":"wp","href":"https:\/\/api.w.org\/{rel}","templated":true}]}}