{"id":24850,"date":"2026-09-01T21:15:56","date_gmt":"2026-09-02T03:15:56","guid":{"rendered":"https:\/\/revistaalcaldesas.mx\/?p=24850"},"modified":"2026-09-01T21:15:56","modified_gmt":"2026-09-02T03:15:56","slug":"rosa-icela-rodriguez-entrega-el-segundo-informe-y-abre-la-revision-legislativa-gobiernomx","status":"publish","type":"post","link":"https:\/\/revistaalcaldesas.mx\/?p=24850","title":{"rendered":"Rosa Icela Rodr\u00edguez entrega el segundo informe y abre la revisi\u00f3n legislativa \/ @GobiernoMX >>>"},"content":{"rendered":"\n<p class=\"wp-block-paragraph\"><strong>(#Informe2026 #GobiernoDeM\u00e9xico) *** #SEGOB.- <\/strong> En un acto solemne, #<strong>RosaIcel Rodr\u00edguez<\/strong>, en representaci\u00f3n de #<strong>ClaudiaSheinbaumPardo<\/strong>, entreg\u00f3 al <strong>Congreso de la Uni\u00f3n<\/strong> el #<strong>SegundoInforme<\/strong> sobre el estado que guarda la Administraci\u00f3n P\u00fablica Federal, en el marco del inicio del Primer Periodo Ordinario de Sesiones del Tercer A\u00f1o de la <strong>LXVI Legislatura<\/strong>. La ceremonia, celebrada en la tribuna de la C\u00e1mara de Diputados, subray\u00f3 la obligaci\u00f3n constitucional prevista en el art\u00edculo 69 y la voluntad del Ejecutivo por rendir cuentas ante el Poder Legislativo. La entrega por escrito del documento formaliz\u00f3 el cumplimiento institucional y abri\u00f3 la agenda de an\u00e1lisis parlamentario. El gesto protocolario busc\u00f3 adem\u00e1s reafirmar la interlocuci\u00f3n entre los poderes y la transparencia en la gesti\u00f3n p\u00fablica.<\/p>\n\n\n\n<p class=\"wp-block-paragraph\">En el desarrollo del acto, la titular de la Secretar\u00eda de Gobernaci\u00f3n subi\u00f3 a la tribuna para hacer la entrega al presidente de la Mesa Directiva, <strong>Ra\u00fal Bola\u00f1os\u2011Chacho Cu\u00e9<\/strong>, quien recibi\u00f3 el informe para su turno y tr\u00e1mite correspondiente. Acompa\u00f1aron a la secretaria los subsecretarios <strong>Roc\u00edo B\u00e1rcena<\/strong>, <strong>C\u00e9sar Y\u00e1\u00f1ez<\/strong> y <strong>Arturo Medina<\/strong>, as\u00ed como representantes de distintas dependencias, lo que permiti\u00f3 articular la log\u00edstica del acto y coordinar el seguimiento legislativo. La formalidad del procedimiento incluy\u00f3 la lectura de los puntos protocolarios y la puesta a disposici\u00f3n de los documentos para las comisiones competentes. La jornada marc\u00f3 el inicio de un proceso de revisi\u00f3n que combinar\u00e1 an\u00e1lisis t\u00e9cnico y debates pol\u00edticos.<\/p>\n\n\n<div class=\"wp-block-image\">\n<figure class=\"aligncenter size-medium\"><img loading=\"lazy\" decoding=\"async\" width=\"300\" height=\"200\" src=\"https:\/\/revistaalcaldesas.mx\/wp-content\/uploads\/2026\/08\/image-27-300x200.png\" alt=\"\" class=\"wp-image-24827\" srcset=\"https:\/\/revistaalcaldesas.mx\/wp-content\/uploads\/2026\/08\/image-27-300x200.png 300w, https:\/\/revistaalcaldesas.mx\/wp-content\/uploads\/2026\/08\/image-27-768x512.png 768w, https:\/\/revistaalcaldesas.mx\/wp-content\/uploads\/2026\/08\/image-27-1024x683.png 1024w, https:\/\/revistaalcaldesas.mx\/wp-content\/uploads\/2026\/08\/image-27-465x310.png 465w, https:\/\/revistaalcaldesas.mx\/wp-content\/uploads\/2026\/08\/image-27-695x464.png 695w, https:\/\/revistaalcaldesas.mx\/wp-content\/uploads\/2026\/08\/image-27-600x400.png 600w, https:\/\/revistaalcaldesas.mx\/wp-content\/uploads\/2026\/08\/image-27.png 1280w\" sizes=\"auto, (max-width: 300px) 100vw, 300px\" \/><\/figure>\n<\/div>\n\n\n<p class=\"wp-block-paragraph\">Medios oficiales han consignado que el contenido del <strong>Segundo Informe<\/strong> aborda temas de gesti\u00f3n administrativa, programas prioritarios y resultados de pol\u00edticas p\u00fablicas, informaci\u00f3n que sit\u00faa a <strong>Rosa Icela Rodr\u00edguez<\/strong> y a <strong>Claudia Sheinbaum Pardo<\/strong> en el centro del ejercicio de rendici\u00f3n de cuentas; asimismo, se indica que el documento ser\u00e1 desglosado por comisiones para su estudio detallado. Las mismas comunicaciones se\u00f1alan que el Congreso programar\u00e1 comparecencias y solicitudes de informaci\u00f3n adicional para evaluar el desempe\u00f1o de la Administraci\u00f3n P\u00fablica Federal. Ese seguimiento, seg\u00fan los reportes, permitir\u00e1 a las instancias legislativas y ejecutivas precisar acciones y calendarios de trabajo conjunto. La entrega formal del informe se interpreta como el punto de partida de un di\u00e1logo institucional que continuar\u00e1 en las semanas siguientes.<\/p>\n\n\n\n<p class=\"wp-block-paragraph\">La Mesa Directiva turnar\u00e1 el expediente a las comisiones correspondientes para su an\u00e1lisis y eventual dictamen, con plazos y procedimientos establecidos por la normativa parlamentaria. Las autoridades anunciaron que permanecer\u00e1n abiertas las v\u00edas de comunicaci\u00f3n entre el Ejecutivo y el Legislativo para atender requerimientos t\u00e9cnicos. El acto concluy\u00f3 con el compromiso de mantener la transparencia y la colaboraci\u00f3n institucional en beneficio de la gobernabilidad.<\/p>\n\n\n\n<p class=\"wp-block-paragraph\"><strong>#RevistaAlcaldesasMX \u2013<\/strong>\u00a0<a href=\"https:\/\/www.facebook.com\/ReAlcaldesasMX\/?__cft__%5b0%5d=AZWCUCopFg6uwR0bar1lA5XOJDPQGbidw7wMESZ9jhjdgQV18UtYzQs5AhW_9gKv6fQhGkof0nlpv0MZSyvZzAtfVQ-kGlKeGnKn1eftLPF_WZz9fv1hNrBXsDhp_akqGslhCB-zuNpCEIlXRqVKVrqMHVfqLWGFKazjuYuOAozwrbcMy0TfH-lcgDWV1GCIoPkxNjje6YZc-2SSWfdVSK2r&amp;__tn__=-UC%2CP-R\"><strong>Revista Alcaldesas MX<\/strong><\/a><\/p>\n\n\n<div class=\"wp-block-image\">\n<figure class=\"aligncenter size-full\"><img loading=\"lazy\" decoding=\"async\" width=\"650\" height=\"380\" src=\"https:\/\/revistaalcaldesas.mx\/wp-content\/uploads\/2026\/09\/secre-goober-1.jpeg\" alt=\"\" class=\"wp-image-24851\" srcset=\"https:\/\/revistaalcaldesas.mx\/wp-content\/uploads\/2026\/09\/secre-goober-1.jpeg 650w, https:\/\/revistaalcaldesas.mx\/wp-content\/uploads\/2026\/09\/secre-goober-1-465x272.jpeg 465w, https:\/\/revistaalcaldesas.mx\/wp-content\/uploads\/2026\/09\/secre-goober-1-300x175.jpeg 300w\" sizes=\"auto, (max-width: 650px) 100vw, 650px\" \/><\/figure>\n<\/div>","protected":false},"excerpt":{"rendered":"<p>(#Informe2026 #GobiernoDeM\u00e9xico) *** #SEGOB.- En un acto solemne, #RosaIcel Rodr\u00edguez, en representaci\u00f3n de #ClaudiaSheinbaumPardo, entreg\u00f3 al Congreso de la Uni\u00f3n el #SegundoInforme sobre el estado que guarda la Administraci\u00f3n P\u00fablica Federal, en el marco del inicio del Primer Periodo Ordinario de Sesiones del Tercer A\u00f1o de la LXVI Legislatura. La<span class=\"more-link\"><a href=\"https:\/\/revistaalcaldesas.mx\/?p=24850\">Continuar leyendo<\/a><\/span><\/p>\n","protected":false},"author":6,"featured_media":24851,"comment_status":"open","ping_status":"open","sticky":false,"template":"","format":"standard","meta":{"rop_custom_images_group":[],"rop_custom_messages_group":[],"rop_publish_now":"no","rop_publish_now_accounts":{"facebook_540786660636400_100634987996574":""},"rop_publish_now_history":[{"account":"facebook_540786660636400_100634987996574","service":"facebook","timestamp":1788318975,"status":"success"}],"rop_publish_now_status":"done","footnotes":""},"categories":[30],"tags":[724,725,147,1070,855,1236,1198,190,1193,105,95,757,1195,726,723],"class_list":["entry","author-difusion","post-24850","post","type-post","status-publish","format-standard","has-post-thumbnail","category-ultimas-noticias","tag-en-vivo","tag-enterate","tag-gobierno-de-mexico","tag-issste","tag-revista-alcaldesas-mx-2","tag-rosa-icela-rodriguez","tag-secretara-de-salud","tag-secretaria-de-bienestar","tag-secretaria-de-comunicaciones-y-transportes","tag-secretaria-de-cultura","tag-secretaria-de-economia","tag-secretaria-de-la-funcion-publica-2","tag-secretaria-de-la-mujer","tag-ultima-hora","tag-ultimas-noticias"],"_links":{"self":[{"href":"https:\/\/revistaalcaldesas.mx\/index.php?rest_route=\/wp\/v2\/posts\/24850","targetHints":{"allow":["GET"]}}],"collection":[{"href":"https:\/\/revistaalcaldesas.mx\/index.php?rest_route=\/wp\/v2\/posts"}],"about":[{"href":"https:\/\/revistaalcaldesas.mx\/index.php?rest_route=\/wp\/v2\/types\/post"}],"author":[{"embeddable":true,"href":"https:\/\/revistaalcaldesas.mx\/index.php?rest_route=\/wp\/v2\/users\/6"}],"replies":[{"embeddable":true,"href":"https:\/\/revistaalcaldesas.mx\/index.php?rest_route=%2Fwp%2Fv2%2Fcomments&post=24850"}],"version-history":[{"count":1,"href":"https:\/\/revistaalcaldesas.mx\/index.php?rest_route=\/wp\/v2\/posts\/24850\/revisions"}],"predecessor-version":[{"id":24852,"href":"https:\/\/revistaalcaldesas.mx\/index.php?rest_route=\/wp\/v2\/posts\/24850\/revisions\/24852"}],"wp:featuredmedia":[{"embeddable":true,"href":"https:\/\/revistaalcaldesas.mx\/index.php?rest_route=\/wp\/v2\/media\/24851"}],"wp:attachment":[{"href":"https:\/\/revistaalcaldesas.mx\/index.php?rest_route=%2Fwp%2Fv2%2Fmedia&parent=24850"}],"wp:term":[{"taxonomy":"category","embeddable":true,"href":"https:\/\/revistaalcaldesas.mx\/index.php?rest_route=%2Fwp%2Fv2%2Fcategories&post=24850"},{"taxonomy":"post_tag","embeddable":true,"href":"https:\/\/revistaalcaldesas.mx\/index.php?rest_route=%2Fwp%2Fv2%2Ftags&post=24850"}],"curies":[{"name":"wp","href":"https:\/\/api.w.org\/{rel}","templated":true}]}}