{"id":24853,"date":"2026-09-01T21:28:51","date_gmt":"2026-09-02T03:28:51","guid":{"rendered":"https:\/\/revistaalcaldesas.mx\/?p=24853"},"modified":"2026-09-01T21:28:51","modified_gmt":"2026-09-02T03:28:51","slug":"guanajuato-capital-samantha-smith-encabeza-la-bienvenida-al-nuevo-ciclo-escolar-samanthasmx-guanajuatogob","status":"publish","type":"post","link":"https:\/\/revistaalcaldesas.mx\/?p=24853","title":{"rendered":"Guanajuato Capital; Samantha Smith encabeza la bienvenida al nuevo ciclo escolar \/ \u00a0@Samanthasmx @GuanajuatoGob >>>"},"content":{"rendered":"\n<p class=\"wp-block-paragraph\"><strong>(#RegresoAClases #GuanajuatoEducado) *** #Guanajuato, #Guanajuato.-<\/strong>  La alcaldesa <strong>Samantha Smith<\/strong> encabez\u00f3 hoy el <strong>arranque del ciclo escolar 2026\u20112027<\/strong> en <strong>Guanajuato Capital<\/strong>, donde miles de ni\u00f1as y ni\u00f1os retornaron a las aulas entre saludos, m\u00fasica y actos c\u00edvicos; <strong>\u00ab\u00a1Feliz regreso a clases!\u00bb<\/strong> fue la consigna que marc\u00f3 el inicio de la jornada. El acto, celebrado en diversos planteles de la ciudad, puso de relieve la prioridad municipal por garantizar condiciones seguras y propicias para el aprendizaje. La autoridad municipal dirigi\u00f3 un mensaje de aliento a las familias y al personal docente, subrayando la corresponsabilidad en la educaci\u00f3n. Se insisti\u00f3 en la importancia del respeto a los s\u00edmbolos patrios y en la formaci\u00f3n de valores c\u00edvicos desde la primera infancia.<\/p>\n\n\n\n<p class=\"wp-block-paragraph\">En el desarrollo de la jornada, equipos municipales recorrieron escuelas para verificar infraestructura, servicios b\u00e1sicos y rutas de acceso, y se coordin\u00f3 la entrega de materiales de apoyo donde fue necesario. Docentes y directivos organizaron actividades de bienvenida y orientaron a las familias sobre protocolos escolares y medidas de convivencia. La administraci\u00f3n local reiter\u00f3 su compromiso con la continuidad pedag\u00f3gica y anunci\u00f3 pr\u00f3ximas acciones para fortalecer la oferta extracurricular. Asimismo, se hizo un llamado a la prudencia vial: conductores y peatones deben extremar precauciones en las zonas escolares.<\/p>\n\n\n<div class=\"wp-block-image\">\n<figure class=\"aligncenter size-medium\"><img loading=\"lazy\" decoding=\"async\" width=\"300\" height=\"239\" src=\"https:\/\/revistaalcaldesas.mx\/wp-content\/uploads\/2026\/09\/image-2-300x239.png\" alt=\"\" class=\"wp-image-24854\" srcset=\"https:\/\/revistaalcaldesas.mx\/wp-content\/uploads\/2026\/09\/image-2-300x239.png 300w, https:\/\/revistaalcaldesas.mx\/wp-content\/uploads\/2026\/09\/image-2-768x611.png 768w, https:\/\/revistaalcaldesas.mx\/wp-content\/uploads\/2026\/09\/image-2-1024x815.png 1024w, https:\/\/revistaalcaldesas.mx\/wp-content\/uploads\/2026\/09\/image-2-465x370.png 465w, https:\/\/revistaalcaldesas.mx\/wp-content\/uploads\/2026\/09\/image-2-628x500.png 628w, https:\/\/revistaalcaldesas.mx\/wp-content\/uploads\/2026\/09\/image-2-690x550.png 690w, https:\/\/revistaalcaldesas.mx\/wp-content\/uploads\/2026\/09\/image-2-600x478.png 600w, https:\/\/revistaalcaldesas.mx\/wp-content\/uploads\/2026\/09\/image-2.png 1440w\" sizes=\"auto, (max-width: 300px) 100vw, 300px\" \/><\/figure>\n<\/div>\n\n\n<p class=\"wp-block-paragraph\">Medios oficiales han reportado un aumento en la asistencia durante los primeros d\u00edas de clases y la activaci\u00f3n de programas de apoyo a la permanencia estudiantil, informaci\u00f3n que sit\u00faa a <strong>Samantha Smith<\/strong> y a la administraci\u00f3n municipal en el centro de las acciones de acompa\u00f1amiento; adem\u00e1s, se indica que se intensificar\u00e1n campa\u00f1as de seguridad vial y jornadas de mantenimiento en planteles. Las comunicaciones oficiales se\u00f1alan que se programar\u00e1n visitas de seguimiento y evaluaciones t\u00e9cnicas para asegurar la calidad de los espacios educativos. Esa continuidad administrativa, seg\u00fan los reportes, responde a la demanda de las familias y a la necesidad de consolidar condiciones de aprendizaje. El balance inicial apunta a un retorno ordenado y con expectativas de mejora sostenida.<\/p>\n\n\n\n<p class=\"wp-block-paragraph\">La comunidad educativa celebr\u00f3 el reencuentro y pidi\u00f3 mantener la vigilancia y el apoyo cotidiano para garantizar un ciclo exitoso. La autoridad municipal convoc\u00f3 a madres, padres y cuidadores a participar activamente en la vida escolar y a respetar las zonas de seguridad vial. El prop\u00f3sito declarado es que este ciclo sea una oportunidad de crecimiento, aprendizaje y protecci\u00f3n para todas las familias.<\/p>\n\n\n\n<p class=\"wp-block-paragraph\">#RevistaAlcaldesasMX \u2013 Revista Alcaldesas MX<\/p>\n\n\n<div class=\"wp-block-image\">\n<figure class=\"aligncenter size-large\"><img loading=\"lazy\" decoding=\"async\" width=\"1024\" height=\"681\" src=\"https:\/\/revistaalcaldesas.mx\/wp-content\/uploads\/2026\/09\/guana-capi-1-1024x681.jpg\" alt=\"\" class=\"wp-image-24855\"\/><\/figure>\n<\/div>","protected":false},"excerpt":{"rendered":"<p>(#RegresoAClases #GuanajuatoEducado) *** #Guanajuato, #Guanajuato.- La alcaldesa Samantha Smith encabez\u00f3 hoy el arranque del ciclo escolar 2026\u20112027 en Guanajuato Capital, donde miles de ni\u00f1as y ni\u00f1os retornaron a las aulas entre saludos, m\u00fasica y actos c\u00edvicos; \u00ab\u00a1Feliz regreso a clases!\u00bb fue la consigna que marc\u00f3 el inicio de la jornada.<span class=\"more-link\"><a href=\"https:\/\/revistaalcaldesas.mx\/?p=24853\">Continuar leyendo<\/a><\/span><\/p>\n","protected":false},"author":6,"featured_media":24855,"comment_status":"open","ping_status":"open","sticky":false,"template":"","format":"standard","meta":{"rop_custom_images_group":[],"rop_custom_messages_group":[],"rop_publish_now":"no","rop_publish_now_accounts":{"facebook_540786660636400_100634987996574":""},"rop_publish_now_history":[{"account":"facebook_540786660636400_100634987996574","service":"facebook","timestamp":1788319862,"status":"success"}],"rop_publish_now_status":"done","footnotes":""},"categories":[29],"tags":[724,725,147,1147,1070,855,1146,1198,1193,105,95,625,1195,73,726,723],"class_list":["entry","author-difusion","post-24853","post","type-post","status-publish","format-standard","has-post-thumbnail","category-municipios-1","tag-en-vivo","tag-enterate","tag-gobierno-de-mexico","tag-gobierno-municipal-de-guanajuato","tag-issste","tag-revista-alcaldesas-mx-2","tag-samantha-smith","tag-secretara-de-salud","tag-secretaria-de-comunicaciones-y-transportes","tag-secretaria-de-cultura","tag-secretaria-de-economia","tag-secretaria-de-educacion-publica","tag-secretaria-de-la-mujer","tag-tecamac","tag-ultima-hora","tag-ultimas-noticias"],"_links":{"self":[{"href":"https:\/\/revistaalcaldesas.mx\/index.php?rest_route=\/wp\/v2\/posts\/24853","targetHints":{"allow":["GET"]}}],"collection":[{"href":"https:\/\/revistaalcaldesas.mx\/index.php?rest_route=\/wp\/v2\/posts"}],"about":[{"href":"https:\/\/revistaalcaldesas.mx\/index.php?rest_route=\/wp\/v2\/types\/post"}],"author":[{"embeddable":true,"href":"https:\/\/revistaalcaldesas.mx\/index.php?rest_route=\/wp\/v2\/users\/6"}],"replies":[{"embeddable":true,"href":"https:\/\/revistaalcaldesas.mx\/index.php?rest_route=%2Fwp%2Fv2%2Fcomments&post=24853"}],"version-history":[{"count":1,"href":"https:\/\/revistaalcaldesas.mx\/index.php?rest_route=\/wp\/v2\/posts\/24853\/revisions"}],"predecessor-version":[{"id":24856,"href":"https:\/\/revistaalcaldesas.mx\/index.php?rest_route=\/wp\/v2\/posts\/24853\/revisions\/24856"}],"wp:featuredmedia":[{"embeddable":true,"href":"https:\/\/revistaalcaldesas.mx\/index.php?rest_route=\/wp\/v2\/media\/24855"}],"wp:attachment":[{"href":"https:\/\/revistaalcaldesas.mx\/index.php?rest_route=%2Fwp%2Fv2%2Fmedia&parent=24853"}],"wp:term":[{"taxonomy":"category","embeddable":true,"href":"https:\/\/revistaalcaldesas.mx\/index.php?rest_route=%2Fwp%2Fv2%2Fcategories&post=24853"},{"taxonomy":"post_tag","embeddable":true,"href":"https:\/\/revistaalcaldesas.mx\/index.php?rest_route=%2Fwp%2Fv2%2Ftags&post=24853"}],"curies":[{"name":"wp","href":"https:\/\/api.w.org\/{rel}","templated":true}]}}